{"id":216,"date":"2021-06-08T06:03:39","date_gmt":"2021-06-08T06:03:39","guid":{"rendered":"https:\/\/www.aktionsbuendnis-rahden.de\/?p=216"},"modified":"2021-06-08T06:03:39","modified_gmt":"2021-06-08T06:03:39","slug":"genehmigungsverfahren-nach-dem-bundes-immissionsschutzgesetz","status":"publish","type":"post","link":"https:\/\/www.aktionsbuendnis-rahden.de\/index.php\/2021\/06\/08\/genehmigungsverfahren-nach-dem-bundes-immissionsschutzgesetz\/","title":{"rendered":"Genehmigungsverfahren nach dem Bundes-Immissionsschutzgesetz"},"content":{"rendered":"<h3>Auslegung vom 17. Mai\u00a02021 bis 16. Juni\u00a02021<\/h3>\n<p>Genehmigungsverfahren\u00a0der <strong>Heinrich Meier Eisengie\u00dferei GmbH &amp; Co. KG<\/strong>\u00a0f\u00fcr ihre Anlage zur Herstellung von Grauguss und Sph\u00e4roguss<\/p>\n<ul>\n<li>Bekanntmachung &#8211; <a title=\"Datei \u00f6ffnet im neuen Fenster. 5.53_Auslegung Eisengiesserei Meier_Bekanntmachung_bf.pdf\" href=\"https:\/\/www.bezreg-detmold.nrw.de\/system\/files\/media\/document\/file\/5.53_Auslegung%20Eisengiesserei%20Meier_Bekanntmachung_bf.pdf\" target=\"_blank\" rel=\"noopener\">pdf<\/a>\u00a0186 KB<\/li>\n<\/ul>\n<p>Die nachfolgenden Dateien sind nicht barrierefrei:<\/p>\n<ul>\n<li>Kurzbeschreibung zum Antrag\u00a0&#8211; <a title=\"Datei \u00f6ffnet im neuen Fenster. 5.53_Auslegung Eisengiesserei Meier_Kurzbeschreibung zum Antrag.pdf\" href=\"https:\/\/www.bezreg-detmold.nrw.de\/system\/files\/media\/document\/file\/5.53_Auslegung%20Eisengiesserei%20Meier_Kurzbeschreibung%20zum%20Antrag.pdf\" target=\"_blank\" rel=\"noopener\">pdf<\/a>\u00a0340\u00a0KB<\/li>\n<li>Kapitel 00 Antrag Anschreiben &#8211; <a title=\"Datei \u00f6ffnet im neuen Fenster. 5.53_Auslegung Eisengiesserei Meier_Kapitel 00_Anschreiben Antrag.pdf\" href=\"https:\/\/www.bezreg-detmold.nrw.de\/system\/files\/media\/document\/file\/5.53_Auslegung%20Eisengiesserei%20Meier_Kapitel%2000_Anschreiben%20Antrag.pdf\" target=\"_blank\" rel=\"noopener\">pdf<\/a> 730 KB<\/li>\n<li>Kapitel 01 Inhaltsverzeichnis und Stellungnahme &#8211; <a title=\"Datei \u00f6ffnet im neuen Fenster. 5.53_Auslegung Eisengiesserei Meier_Kapitel 01_Inhaltsverzeichnis und Stellungnahmen.pdf\" href=\"https:\/\/www.bezreg-detmold.nrw.de\/system\/files\/media\/document\/file\/5.53_Auslegung%20Eisengiesserei%20Meier_Kapitel%2001_Inhaltsverzeichnis%20und%20Stellungnahmen.pdf\" target=\"_blank\" rel=\"noopener\">pdf<\/a> 938 KB<\/li>\n<li>Kapitel 02 Antrag auf Genehmigung &#8211; <a title=\"Datei \u00f6ffnet im neuen Fenster. 5.53_Auslegung Eisengiesserei Meier_Kapitel 02_Antrag auf Genehmigung.pdf\" href=\"https:\/\/www.bezreg-detmold.nrw.de\/system\/files\/media\/document\/file\/5.53_Auslegung%20Eisengiesserei%20Meier_Kapitel%2002_Antrag%20auf%20Genehmigung.pdf\" target=\"_blank\" rel=\"noopener\">pdf<\/a> 367 KB<\/li>\n<li>Kapitel 03 Kartenmaterial &#8211; <a title=\"Datei \u00f6ffnet im neuen Fenster. 5.53_Auslegung Eisengiesserei Meier_Kapitel 03_Kartenmaterial.pdf\" href=\"https:\/\/www.bezreg-detmold.nrw.de\/system\/files\/media\/document\/file\/5.53_Auslegung%20Eisengiesserei%20Meier_Kapitel%2003_Kartenmaterial.pdf\" target=\"_blank\" rel=\"noopener\">pdf<\/a> 9,43 MB<\/li>\n<li>Kapitel 04 Emissionshandel &#8211; <a title=\"Datei \u00f6ffnet im neuen Fenster. 5.53_Auslegung Eisengiesserei Meier_Kapitel 04_Emmissionshandel.pdf\" href=\"https:\/\/www.bezreg-detmold.nrw.de\/system\/files\/media\/document\/file\/5.53_Auslegung%20Eisengiesserei%20Meier_Kapitel%2004_Emmissionshandel.pdf\" target=\"_blank\" rel=\"noopener\">pdf<\/a> 71,9 KB<\/li>\n<li>Kapitel 05 Anlagen- und Betriebsbeschreibung &#8211; <a title=\"Datei \u00f6ffnet im neuen Fenster. 5.53_Auslegung Eisengiesserei Meier_Kapitel 05_Anlagen- und Betriebsbeschreibung.pdf\" href=\"https:\/\/www.bezreg-detmold.nrw.de\/system\/files\/media\/document\/file\/5.53_Auslegung%20Eisengiesserei%20Meier_Kapitel%2005_Anlagen-%20und%20Betriebsbeschreibung.pdf\" target=\"_blank\" rel=\"noopener\">pdf<\/a> 182 KB<\/li>\n<li>Kapitel 06 Flie\u00dfbild und Formulare &#8211; <a title=\"Datei \u00f6ffnet im neuen Fenster. 5.53_Auslegung Eisengiesserei Meier_Kapitel 06_Flie\u00dfbild und Formulare.pdf\" href=\"https:\/\/www.bezreg-detmold.nrw.de\/system\/files\/media\/document\/file\/5.53_Auslegung%20Eisengiesserei%20Meier_Kapitel%2006_Flie%C3%9Fbild%20und%20Formulare.pdf\" target=\"_blank\" rel=\"noopener\">pdf<\/a> 2,69 MB<\/li>\n<li>Kapitel 07 Bauvorlage &#8211; <a title=\"Datei \u00f6ffnet im neuen Fenster. 5.53_Auslegung Eisengiesserei Meier_Kapitel 07_Bauvorlagen.pdf\" href=\"https:\/\/www.bezreg-detmold.nrw.de\/system\/files\/media\/document\/file\/5.53_Auslegung%20Eisengiesserei%20Meier_Kapitel%2007_Bauvorlagen.pdf\" target=\"_blank\" rel=\"noopener\">pdf<\/a> 65,8 KB<\/li>\n<li>Kapitel 08 Gutachten &#8211; <a title=\"Datei \u00f6ffnet im neuen Fenster. 5.53_Auslegung Eisengiesserei Meier_Kapitel 08_Gutachten.pdf\" href=\"https:\/\/www.bezreg-detmold.nrw.de\/system\/files\/media\/document\/file\/5.53_Auslegung%20Eisengiesserei%20Meier_Kapitel%2008_Gutachten.pdf\" target=\"_blank\" rel=\"noopener\">pdf<\/a> 21,1 MB<\/li>\n<li>Kapitel 09 Unterlagen zur Umweltvertr\u00e4glichkeitsvorpr\u00fcfung und Abf\u00e4lle &#8211; <a title=\"Datei \u00f6ffnet im neuen Fenster. 5.53_Auslegung Eisengiesserei Meier_Kapitel 09_Unterlagen zur Umweltvertr\u00e4glichkeitsvorpr\u00fcfung und Abf\u00e4lle.pdf\" href=\"https:\/\/www.bezreg-detmold.nrw.de\/system\/files\/media\/document\/file\/5.53_Auslegung%20Eisengiesserei%20Meier_Kapitel%2009_Unterlagen%20zur%20Umweltvertr%C3%A4glichkeitsvorpr%C3%BCfung%20und%20Abf%C3%A4lle.pdf\" target=\"_blank\" rel=\"noopener\">pdf<\/a> 274 KB<\/li>\n<li>Kapitel 10 Arbeitsschutz, Brandschutz, Anlagensicherheit &#8211; <a title=\"Datei \u00f6ffnet im neuen Fenster. 5.53_Auslegung Eisengiesserei Meier_Kapitel 10_Arbeitsschutz, Brandschutz, Anlagensicherheit.pdf\" href=\"https:\/\/www.bezreg-detmold.nrw.de\/system\/files\/media\/document\/file\/5.53_Auslegung%20Eisengiesserei%20Meier_Kapitel%2010_Arbeitsschutz%2C%20Brandschutz%2C%20Anlagensicherheit.pdf\" target=\"_blank\" rel=\"noopener\">pdf<\/a> 220 KB<\/li>\n<li>Kapitel 11 Angaben zum Ausgangszustandsbericht &#8211; <a title=\"Datei \u00f6ffnet im neuen Fenster. 5.53_Auslegung Eisengiesserei Meier_Kapitel 11_Angaben zum Ausgangszustandsbericht.pdf\" href=\"https:\/\/www.bezreg-detmold.nrw.de\/system\/files\/media\/document\/file\/5.53_Auslegung%20Eisengiesserei%20Meier_Kapitel%2011_Angaben%20zum%20Ausgangszustandsbericht.pdf\" target=\"_blank\" rel=\"noopener\">pdf<\/a> 10,3 MB<\/li>\n<\/ul>\n","protected":false},"excerpt":{"rendered":"<p>Auslegung vom 17. Mai\u00a02021 bis 16. Juni\u00a02021 Genehmigungsverfahren\u00a0der Heinrich Meier Eisengie\u00dferei GmbH &amp; Co. KG\u00a0f\u00fcr ihre Anlage zur Herstellung von&hellip;<\/p>\n","protected":false},"author":2,"featured_media":0,"comment_status":"open","ping_status":"open","sticky":false,"template":"","format":"standard","meta":{"footnotes":""},"categories":[1],"tags":[],"class_list":["post-216","post","type-post","status-publish","format-standard","hentry","category-uncategorized"],"_links":{"self":[{"href":"https:\/\/www.aktionsbuendnis-rahden.de\/index.php\/wp-json\/wp\/v2\/posts\/216","targetHints":{"allow":["GET"]}}],"collection":[{"href":"https:\/\/www.aktionsbuendnis-rahden.de\/index.php\/wp-json\/wp\/v2\/posts"}],"about":[{"href":"https:\/\/www.aktionsbuendnis-rahden.de\/index.php\/wp-json\/wp\/v2\/types\/post"}],"author":[{"embeddable":true,"href":"https:\/\/www.aktionsbuendnis-rahden.de\/index.php\/wp-json\/wp\/v2\/users\/2"}],"replies":[{"embeddable":true,"href":"https:\/\/www.aktionsbuendnis-rahden.de\/index.php\/wp-json\/wp\/v2\/comments?post=216"}],"version-history":[{"count":1,"href":"https:\/\/www.aktionsbuendnis-rahden.de\/index.php\/wp-json\/wp\/v2\/posts\/216\/revisions"}],"predecessor-version":[{"id":217,"href":"https:\/\/www.aktionsbuendnis-rahden.de\/index.php\/wp-json\/wp\/v2\/posts\/216\/revisions\/217"}],"wp:attachment":[{"href":"https:\/\/www.aktionsbuendnis-rahden.de\/index.php\/wp-json\/wp\/v2\/media?parent=216"}],"wp:term":[{"taxonomy":"category","embeddable":true,"href":"https:\/\/www.aktionsbuendnis-rahden.de\/index.php\/wp-json\/wp\/v2\/categories?post=216"},{"taxonomy":"post_tag","embeddable":true,"href":"https:\/\/www.aktionsbuendnis-rahden.de\/index.php\/wp-json\/wp\/v2\/tags?post=216"}],"curies":[{"name":"wp","href":"https:\/\/api.w.org\/{rel}","templated":true}]}}