{"id":185,"date":"2021-04-28T06:43:07","date_gmt":"2021-04-28T06:43:07","guid":{"rendered":"https:\/\/www.aktionsbuendnis-rahden.de\/?p=185"},"modified":"2021-04-28T06:45:42","modified_gmt":"2021-04-28T06:45:42","slug":"aktionsbuendnis-produktionserweiterung-bei-rahdener-meierguss-braucht-umweltvertraeglichkeitspruefung","status":"publish","type":"post","link":"https:\/\/www.aktionsbuendnis-rahden.de\/index.php\/2021\/04\/28\/aktionsbuendnis-produktionserweiterung-bei-rahdener-meierguss-braucht-umweltvertraeglichkeitspruefung\/","title":{"rendered":"Aktionsb\u00fcndnis: Produktionserweiterung bei Rahdener MeierGuss braucht Umweltvertr\u00e4glichkeitspr\u00fcfung"},"content":{"rendered":"<p><img loading=\"lazy\" decoding=\"async\" class=\"alignleft wp-image-184 size-medium\" src=\"https:\/\/www.aktionsbuendnis-rahden.de\/wp-content\/uploads\/2021\/04\/aushang-300x169.jpg\" alt=\"\" width=\"300\" height=\"169\" srcset=\"https:\/\/www.aktionsbuendnis-rahden.de\/wp-content\/uploads\/2021\/04\/aushang-300x169.jpg 300w, https:\/\/www.aktionsbuendnis-rahden.de\/wp-content\/uploads\/2021\/04\/aushang-1024x576.jpg 1024w, https:\/\/www.aktionsbuendnis-rahden.de\/wp-content\/uploads\/2021\/04\/aushang-768x432.jpg 768w, https:\/\/www.aktionsbuendnis-rahden.de\/wp-content\/uploads\/2021\/04\/aushang-1536x864.jpg 1536w, https:\/\/www.aktionsbuendnis-rahden.de\/wp-content\/uploads\/2021\/04\/aushang-2048x1152.jpg 2048w, https:\/\/www.aktionsbuendnis-rahden.de\/wp-content\/uploads\/2021\/04\/aushang-1600x900.jpg 1600w\" sizes=\"auto, (max-width: 300px) 100vw, 300px\" \/>Das Aktionsb\u00fcndnis lebenswertes Rahden spricht sich f\u00fcr eine Umweltvertr\u00e4glichkeitspr\u00fcfung (UVP) bei der angek\u00fcndigten massiven Produktionsausweitung der Eisengie\u00dferei MeierGuss aus. \u201eEs ist ein Unding, dass die Auswirkungen der Schwerindustrie mitten in der Innenstadt von Rahden und die st\u00e4ndige Produktionserweiterung der letzten 20 Jahre noch nie im Rahmen einer sogenannten Umweltvertr\u00e4glichkeitspr\u00fcfung untersucht wurden. Die UVP sowie ein Immissionsvorbelastungsgutachten m\u00fcssen bei der Pr\u00fcfung der neuen Genehmigung unbedingt einbezogen werden\u201c, fordert Marion Spreen, Vorsitzende des Aktionsb\u00fcndnis nach einem Treffen mit betroffenen Anwohnerinnen und Anwohnern. \u201eEs g\u00e4rt gewaltig bei den Menschen. Seit Jahren wurde die Fabrik st\u00fcckchenweise immer gr\u00f6\u00dfer.<\/p>\n<p>Bis heute gibt es auch keine verbindliche Bauleitplanung in Form eines Bebauungsplans f\u00fcr diesen Bereich. Durch diese Taktik des Unternehmens &#8211; sich immer nur in kleinen Schritten auszuweiten \u2013 konnte scheinbar eine UVP bislang umgangen werden. Bei dem jetzt angek\u00fcndigten Schritt einer Ausweitung der Produktion von fast 50 Prozent, d. h. einer Erh\u00f6hung der Produktion von 68.000 Tonnen auf 100.000 und zus\u00e4tzlichen Nachtschichtbetrieb darf die Pr\u00fcfung der Umweltauswirkungen nicht wieder unter dem Tisch fallen\u201c, sagt Spreen. Gegen das Vorhaben der Ausweitung der Schwerindustrie in der Innenstadt von Rahden formiert sich massiver Widerstand.<\/p>\n<p>Eine konkrete Pr\u00fcfung des genauen Vorhabens konnte das Aktionsb\u00fcndnis bislang noch nicht durchf\u00fchren. \u201eWir gehen aber davon aus, dass der komplette Antrag inklusive der Gutachten nach der Pr\u00fcfung auf Vollst\u00e4ndigkeit nicht nur auf der Website der Bezirksregierung Detmold ver\u00f6ffentlicht wird, sondern auch auf der neuen B\u00fcrgerdialog-Website von MeierGuss. Wenn man nichts zu verbergen hat und Transparenz w\u00fcnscht, kann man den Antrag auch der \u00d6ffentlichkeit zur Verf\u00fcgung stellen,\u201c sagt Daniela Ortgies, zweite Vorsitzenden des Aktionsb\u00fcndnisses.<\/p>\n<p>Mit \u201eIrritation\u201c hat das Aktionsb\u00fcndnis allerdings in der letzten Erkl\u00e4rung von MeierGuss gelesen, dass seit 2014 angeblich 64-mal an Samstagen gearbeitet worden sei. Dies sei insofern pikant, da in dem \u201eAnlieger-Dialog-Aushang\u201c der Fa. Meier Guss am Werkstor in der Langen Reihe &#8211; datiert vom 31. 03. 2021 \u2013 zwar ebenfalls 64-mal Samstagarbeit angezeigt wird, allerdings dort ab dem Jahr 2016 gerechnet wird. \u201eEin Unternehmen, zwei Darstellungen. Wir sind nur normale Anwohner und keine Buchf\u00fchrer. Gef\u00fchlt hat die Samstagsarbeit gerade im letzten Jahr stark zugenommen\u201c, meint Ortgies: \u201eStatt sich hinter einem statistischen Mittelwert der letzten Jahre zu verstecken, w\u00e4re es ehrlich die Statistik der Samstagsarbeit aus dem Jahr 2020 zu ver\u00f6ffentlichen. Dadurch w\u00fcrde man Missverst\u00e4ndnisse vermeiden. F\u00fcr die Ver\u00f6ffentlichung eignet sich sicher die neue Webseite f\u00fcr den B\u00fcrgerdialog.\u201c<\/p>\n<p>Unterdessen arbeitet das Aktionsb\u00fcndnis mit Hochdruck an seiner ersten Info-Veranstaltung. \u201eCorona bedingt planen wir diese erst einmal online\u201c, sagt Ortgies. Der Versand der Einladung ist f\u00fcr Mai geplant. \u201eDer B\u00fcrgermeister, Vertreter der Stadt und MeierGuss werden ebenfalls eingeladen. Wir freuen uns darauf, wenn wir einen Dialog auf Augenh\u00f6he mit vielen B\u00fcrgern und B\u00fcrgerinnen stattfinden lassen k\u00f6nnen.\u201c<\/p>\n<p>\u2026\u2026<\/p>\n<p>Mehr Informationen zur UVP<br \/>\n<a href=\"https:\/\/www.uvp-portal.de\/de\/node\/2504\">https:\/\/www.uvp-portal.de\/de\/node\/2504<\/a><\/p>\n<p>Aushang Samstagarbeit<\/p>\n<p><a href=\"https:\/\/www.aktionsbuendnis-rahden.de\/wp-content\/uploads\/2021\/04\/aushang-scaled.jpg\">https:\/\/www.aktionsbuendnis-rahden.de\/wp-content\/uploads\/2021\/04\/aushang-scaled.jpg<\/a><\/p>\n","protected":false},"excerpt":{"rendered":"<p>Das Aktionsb\u00fcndnis lebenswertes Rahden spricht sich f\u00fcr eine Umweltvertr\u00e4glichkeitspr\u00fcfung (UVP) bei der angek\u00fcndigten massiven Produktionsausweitung der Eisengie\u00dferei MeierGuss aus. \u201eEs&hellip;<\/p>\n","protected":false},"author":2,"featured_media":0,"comment_status":"open","ping_status":"open","sticky":false,"template":"","format":"standard","meta":{"footnotes":""},"categories":[4],"tags":[],"class_list":["post-185","post","type-post","status-publish","format-standard","hentry","category-presse"],"_links":{"self":[{"href":"https:\/\/www.aktionsbuendnis-rahden.de\/index.php\/wp-json\/wp\/v2\/posts\/185","targetHints":{"allow":["GET"]}}],"collection":[{"href":"https:\/\/www.aktionsbuendnis-rahden.de\/index.php\/wp-json\/wp\/v2\/posts"}],"about":[{"href":"https:\/\/www.aktionsbuendnis-rahden.de\/index.php\/wp-json\/wp\/v2\/types\/post"}],"author":[{"embeddable":true,"href":"https:\/\/www.aktionsbuendnis-rahden.de\/index.php\/wp-json\/wp\/v2\/users\/2"}],"replies":[{"embeddable":true,"href":"https:\/\/www.aktionsbuendnis-rahden.de\/index.php\/wp-json\/wp\/v2\/comments?post=185"}],"version-history":[{"count":4,"href":"https:\/\/www.aktionsbuendnis-rahden.de\/index.php\/wp-json\/wp\/v2\/posts\/185\/revisions"}],"predecessor-version":[{"id":189,"href":"https:\/\/www.aktionsbuendnis-rahden.de\/index.php\/wp-json\/wp\/v2\/posts\/185\/revisions\/189"}],"wp:attachment":[{"href":"https:\/\/www.aktionsbuendnis-rahden.de\/index.php\/wp-json\/wp\/v2\/media?parent=185"}],"wp:term":[{"taxonomy":"category","embeddable":true,"href":"https:\/\/www.aktionsbuendnis-rahden.de\/index.php\/wp-json\/wp\/v2\/categories?post=185"},{"taxonomy":"post_tag","embeddable":true,"href":"https:\/\/www.aktionsbuendnis-rahden.de\/index.php\/wp-json\/wp\/v2\/tags?post=185"}],"curies":[{"name":"wp","href":"https:\/\/api.w.org\/{rel}","templated":true}]}}