{"id":182,"date":"2021-04-21T11:43:41","date_gmt":"2021-04-21T11:43:41","guid":{"rendered":"https:\/\/www.aktionsbuendnis-rahden.de\/?p=182"},"modified":"2021-04-21T11:43:41","modified_gmt":"2021-04-21T11:43:41","slug":"eisengiesserei-reicht-genehmigungsantrag-fuer-massive-ausweitung-ein-aktionsbuendnis-rahden-kuendigt-widerstand-an","status":"publish","type":"post","link":"https:\/\/www.aktionsbuendnis-rahden.de\/index.php\/2021\/04\/21\/eisengiesserei-reicht-genehmigungsantrag-fuer-massive-ausweitung-ein-aktionsbuendnis-rahden-kuendigt-widerstand-an\/","title":{"rendered":"Eisengie\u00dferei reicht Genehmigungsantrag f\u00fcr massive Ausweitung ein: Aktionsb\u00fcndnis Rahden k\u00fcndigt Widerstand an"},"content":{"rendered":"<p>Die Eisengie\u00dferei MeierGuss hat mitten in der Corona-Pandemie einen Genehmigungsantrag f\u00fcr eine enorme Ausweitung ihrer Produktion in der Innenstadt von Rahden (Landkreis Minden-L\u00fcbbecke) eingereicht. Von derzeit ca. 68.000 Tonnen soll die Produktion auf 100.000 Tonnen &#8211; also mit einer Steigerung von 47 % pro Jahr &#8211; hochgefahren werden, k\u00fcndigt der Industriebetrieb an. Es soll zudem ein Nachtschichtbetrieb eingef\u00fchrt werden, um zuk\u00fcnftig auch nachts den Kupolofen im Hei\u00dfbetrieb nutzen zu k\u00f6nnen. Das Unternehmen begr\u00fcndet das Vorhaben lapidar mit Wettbewerbsf\u00e4higkeit gegen\u00fcber China und Indien. Gegen das Vorhaben gibt es in der Region massiven Widerstand, denn es wird eine Zunahme von L\u00e4rm, Schadstoffausst\u00f6\u00dfen und Verkehrsbelastungen erwartet.<\/p>\n<p>\u201eDiese geplante fast 50%-ige Produktionssteigerung und der Nachtschichtbetrieb sind ein Angriff auf die Gesundheit aller Menschen, die in der Umgebung leben und \u2013 dort teilweise auch im Home-Office arbeiten &#8211; aber vor allem auch ein Anrecht auf ihre verdiente Nachtruhe haben. Wir werden den nun gestellten Antrag auf Herz und Nieren pr\u00fcfen lassen, um zu sehen, ob der geplante \u00fcberdimensionierte Produktionsanstieg \u00fcberhaupt mit geltendem Recht und den umgebenden Wohngebieten vereinbar ist\u201c, k\u00fcndigt die Vorsitzende des Aktionsb\u00fcndnisses lebenswertes Rahden e.V. Marion Spreen an.<!--more--><\/p>\n<p>Als \u201edenkw\u00fcrdiges Timing\u201c bezeichnet es Spreen, dass MeierGuss gerade die f\u00fcr alle Menschen belastende Zeit der Corona-Pandemie nutzt, um ihren Antrag einzureichen: \u201eSo d\u00fcrfen beispielsweise keine Treffen oder Veranstaltungen stattfinden, auf denen man sich \u00fcber die Auswirkungen austauschen oder Experten zu dem Thema der Gesundheitsbelastungen durch Umweltemissionen einladen und h\u00f6ren kann. Wo man allerorten vom Zusammenhalt der Bev\u00f6lkerung in den schwierigen Zeiten redet, reicht nun die Firma einen Antrag ein, den man guten Gewissens als \u201eumstritten\u201c bezeichnen kann. Dieses Verhalten ist schon fragw\u00fcrdig und der angek\u00fcndigte Dialog mit den Nachbarn \u2013 in Form eines morgendlichen Briefeinwurfs &#8211; wirkt vor diesem Hintergrund schon etwas zynisch. Ein tats\u00e4chlicher Dialog sollte schon m\u00f6glich sein und kann nicht in der Bereitstellung einer Website mit weichgesp\u00fclten PR-Phrasen bestehen\u201c, kritisiert Spreen die angek\u00fcndigte Projektwebsite. Das Aktionsb\u00fcndnis wird jetzt ihren Widerstand intensivieren.<\/p>\n<p>\u201eDass in Zukunft alles besser wird, glauben die meisten Anwohner nicht mehr. Daf\u00fcr wurde das Vertrauen in den letzten Jahren verspielt. Zu oft wurden Versprechungen gemacht, die leider nicht eingehalten wurden\u201c, teilt Ortgies mit. \u201eVor ein paar Jahren wurde den Anwohnern gesagt, dass nur hin und wieder am Samstag gearbeitet wird, um die Produktionsspitzen abzufedern. Aus der Ausnahme der Samstagsarbeit ist leider eine Regel geworden.\u201c<\/p>\n<p>Besonders interessant ist aber auch, dass nun der Staplerverkehr pl\u00f6tzlich reduziert werden kann, wo die kreuzenden Stapler doch noch 2018 ein wichtiger Grund f\u00fcr die Werkstra\u00dfe und die \u201eSicherheit\u201c der Sch\u00fcler*innen war.\u00a0 Unklar ist auch, wie eine fast 50 %-ige Produktionssteigerung -angek\u00fcndigten Emissionsschutzma\u00dfnahmen hin oder her &#8211; zu einer Schonung von Umwelt und Klima und einer Win-Win-Situation f\u00fchren soll. \u201eDurch Innovation kann Deutschland punkten. Eine einfaches mehr, weiter und gr\u00f6\u00dfer wird nicht weiterhelfen.\u00a0 Durch eine Erweiterung der Schwermetallindustrie w\u00fcrde Rahden die Chance verspielen, als Kleinstadt und Naherholungsgebiet f\u00fcr junge Familien und Senioren attraktiv zu bleiben.\u00a0 Es sei denn, man mag den Ruhrgebietscharakter mit nachts laufenden \u00d6fen, Vibrationen und besonderen Geruch. Der neue Image-Slogan k\u00f6nnte dann lauten: \u201e Rahden &#8211; eine Stadt die niemals schl\u00e4ft\u201c, bef\u00fcrchtet Ortgies.<\/p>\n","protected":false},"excerpt":{"rendered":"<p>Die Eisengie\u00dferei MeierGuss hat mitten in der Corona-Pandemie einen Genehmigungsantrag f\u00fcr eine enorme Ausweitung ihrer Produktion in der Innenstadt von&hellip;<\/p>\n","protected":false},"author":2,"featured_media":0,"comment_status":"open","ping_status":"open","sticky":false,"template":"","format":"standard","meta":{"footnotes":""},"categories":[4],"tags":[],"class_list":["post-182","post","type-post","status-publish","format-standard","hentry","category-presse"],"_links":{"self":[{"href":"https:\/\/www.aktionsbuendnis-rahden.de\/index.php\/wp-json\/wp\/v2\/posts\/182","targetHints":{"allow":["GET"]}}],"collection":[{"href":"https:\/\/www.aktionsbuendnis-rahden.de\/index.php\/wp-json\/wp\/v2\/posts"}],"about":[{"href":"https:\/\/www.aktionsbuendnis-rahden.de\/index.php\/wp-json\/wp\/v2\/types\/post"}],"author":[{"embeddable":true,"href":"https:\/\/www.aktionsbuendnis-rahden.de\/index.php\/wp-json\/wp\/v2\/users\/2"}],"replies":[{"embeddable":true,"href":"https:\/\/www.aktionsbuendnis-rahden.de\/index.php\/wp-json\/wp\/v2\/comments?post=182"}],"version-history":[{"count":1,"href":"https:\/\/www.aktionsbuendnis-rahden.de\/index.php\/wp-json\/wp\/v2\/posts\/182\/revisions"}],"predecessor-version":[{"id":183,"href":"https:\/\/www.aktionsbuendnis-rahden.de\/index.php\/wp-json\/wp\/v2\/posts\/182\/revisions\/183"}],"wp:attachment":[{"href":"https:\/\/www.aktionsbuendnis-rahden.de\/index.php\/wp-json\/wp\/v2\/media?parent=182"}],"wp:term":[{"taxonomy":"category","embeddable":true,"href":"https:\/\/www.aktionsbuendnis-rahden.de\/index.php\/wp-json\/wp\/v2\/categories?post=182"},{"taxonomy":"post_tag","embeddable":true,"href":"https:\/\/www.aktionsbuendnis-rahden.de\/index.php\/wp-json\/wp\/v2\/tags?post=182"}],"curies":[{"name":"wp","href":"https:\/\/api.w.org\/{rel}","templated":true}]}}