{"id":101,"date":"2020-09-29T07:42:33","date_gmt":"2020-09-29T07:42:33","guid":{"rendered":"https:\/\/www.aktionsbuendnis-rahden.de\/?p=101"},"modified":"2020-09-29T07:42:42","modified_gmt":"2020-09-29T07:42:42","slug":"die-eisengiesserei-meierguss-rahden-steht-weiter-in-der-kritik-widerstand-gegen-den-geplanten-massiven-produktionsausbau-anwohner-gruenden-ein-aktionsbuendnis","status":"publish","type":"post","link":"https:\/\/www.aktionsbuendnis-rahden.de\/index.php\/2020\/09\/29\/die-eisengiesserei-meierguss-rahden-steht-weiter-in-der-kritik-widerstand-gegen-den-geplanten-massiven-produktionsausbau-anwohner-gruenden-ein-aktionsbuendnis\/","title":{"rendered":"Die Eisengie\u00dferei MeierGuss Rahden steht weiter in der Kritik: Widerstand gegen den geplanten massiven Produktionsausbau \u2013 Anwohner gr\u00fcnden ein Aktionsb\u00fcndnis"},"content":{"rendered":"<p><img loading=\"lazy\" decoding=\"async\" class=\"alignleft size-medium wp-image-82\" src=\"https:\/\/www.aktionsbuendnis-rahden.de\/wp-content\/uploads\/2020\/09\/bahnhof_meierguss-300x169.jpg\" alt=\"\" width=\"300\" height=\"169\" srcset=\"https:\/\/www.aktionsbuendnis-rahden.de\/wp-content\/uploads\/2020\/09\/bahnhof_meierguss-300x169.jpg 300w, https:\/\/www.aktionsbuendnis-rahden.de\/wp-content\/uploads\/2020\/09\/bahnhof_meierguss-1024x576.jpg 1024w, https:\/\/www.aktionsbuendnis-rahden.de\/wp-content\/uploads\/2020\/09\/bahnhof_meierguss-768x432.jpg 768w, https:\/\/www.aktionsbuendnis-rahden.de\/wp-content\/uploads\/2020\/09\/bahnhof_meierguss-1536x864.jpg 1536w, https:\/\/www.aktionsbuendnis-rahden.de\/wp-content\/uploads\/2020\/09\/bahnhof_meierguss-2048x1152.jpg 2048w, https:\/\/www.aktionsbuendnis-rahden.de\/wp-content\/uploads\/2020\/09\/bahnhof_meierguss-1600x900.jpg 1600w\" sizes=\"auto, (max-width: 300px) 100vw, 300px\" \/>Gegen die Ausweitung der Produktion beim Rahdener Industriebetrieb MeierGuss, am Rande der Innenstadt, formiert sich immer st\u00e4rkerer Widerstand. Um ihre Position als Anwohner besser vertreten zu k\u00f6nnen, hat sich nun Mitte September das Aktionsb\u00fcndnis \u201eLebenswertes Rahden\u201c\u00a0 (Kurz AB-LR) gegr\u00fcndet. Gr\u00fcndungsmitglied Marion Spreen wurde als erste Vorsitzende gew\u00e4hlt. Daniela Ortgies komplettiert den Vorstand als ihre Stellvertreterin. Die Belastungen durch die Schwerindustrie mitten in der Stadt Rahden ist f\u00fcr die Anwohner bereits heute an manchen Tagen nicht zu ertragen, begr\u00fcndet das Aktionsb\u00fcndnis die Initiative. Dazu kommt, die in diesem Sommer vom MeierGuss- Gesch\u00e4ftsf\u00fchrer Marc Mateika best\u00e4tigte \u00dcberlegung, dass es Planungen zur Ausweitung der Produktion von 68.000 Tonnen auf 100.000 Tonnen pro Jahr sowie die Einf\u00fchrung eines 3-Schicht-Betriebs gebe. Ein entsprechender Genehmigungsantrag\u00a0 wurde allerdings bislang \u2013 nach bisheriger Kenntnis des Aktionsb\u00fcndnisses &#8211; nicht-gestellt.<\/p>\n<p>\u201eSeit Jahren werden wir mit Beschwichtigungen und sch\u00f6nen Reden hingehalten. Echte Unterst\u00fctzung f\u00fcr unsere Anliegen und Sorgen gab es kaum. Daher m\u00fcssen wir selber das Heft des Handelns in die Hand nehmen\u201c, k\u00fcndigte die Vorsitzende des Aktionsb\u00fcndnisses Marion Spreen an. \u201eDie uns\u00e4gliche Salamitaktik muss ein Ende haben. Das Debakel um die Werkstrasse hat gezeigt, man kann und darf sich leider nicht auf das Wort des Unternehmens verlassen\u201c, kritisierte Spreen. W\u00e4hrend der Debatte um die Vergr\u00f6\u00dferung des Betriebsgel\u00e4ndes im Jahr 2018 und der mittlerweile vollst\u00e4ndig gesperrten Stra\u00dfe \u201eAuf der Welle\u201c, wurde den Anwohnern noch versprochen, dass es zu keiner Ausweitung der Produktion komme werde: \u201eWir brauchen eine Kl\u00e4rung ob die massive Erweiterung der Produktion mitten in der Stadt \u00fcberhaupt statthaft ist\u201c, forderte Spreen. Schon im Genehmigungsbescheid von 1987 steht, dass die Firma MeierGuss zwar Bestandschutz genie\u00dfe, aber nur Anpassungen und Ver\u00e4nderungen erlaubt seien, die nicht zu einer erheblichen Ver\u00e4nderung oder Vergr\u00f6\u00dferung der baulichen Anlage f\u00fchren.<!--more--><\/p>\n<p>\u201eWir brauchend dringend eine Versachlichung der Debatte\u201c, meint die zweite Vorsitzende Daniela Ortgies: \u201eDie Gesundheit und die Lebensqualit\u00e4t der Rahdener B\u00fcrgerinnen und B\u00fcrger und ein Recht auf eine gesunde Umwelt ist genauso wichtig, wie die Erhaltung der Arbeitspl\u00e4tze. Seit Jahren m\u00fcssen wir immer mehr Einbu\u00dfen hinnehmen. Damit muss endlich einmal Schluss sein. Wir werden f\u00fcr ein lebenswertes Rahden streiten. Als Bewohner im Stadtteilgebiet Ost sind wir keine Menschen zweiter Klasse\u201c, sagte Ortgies: \u201eEinerseits wird \u00fcber mehr Klimaschutz, Tourismus und das neue Naherholungsgebiet in Rahden gesprochen und zeitgleich gibt es die \u00dcberlegungen die Schwermetallindustrie in der Rahdener Innenstadt zu erweitern. Das passt irgendwie nicht zusammen.\u201c<\/p>\n<p>Das Aktionsb\u00fcndnis wird zeitnah einen Forderungskatalog erarbeiten. \u201eWir \u00fcberlegen auch eigene Infoveranstaltungen zu machen\u201c, k\u00fcndigte Spreen an. Die ersten Kontakte zu Umweltverb\u00e4nden wurden gekn\u00fcpft. \u201eWenn der Antrag auf eine Erweiterung kommt, werden wir ger\u00fcstet sein\u201c, k\u00fcndigten die Vereinsmitglieder an.<\/p>\n","protected":false},"excerpt":{"rendered":"<p>Gegen die Ausweitung der Produktion beim Rahdener Industriebetrieb MeierGuss, am Rande der Innenstadt, formiert sich immer st\u00e4rkerer Widerstand. Um ihre&hellip;<\/p>\n","protected":false},"author":2,"featured_media":0,"comment_status":"open","ping_status":"open","sticky":false,"template":"","format":"standard","meta":{"footnotes":""},"categories":[4],"tags":[],"class_list":["post-101","post","type-post","status-publish","format-standard","hentry","category-presse"],"_links":{"self":[{"href":"https:\/\/www.aktionsbuendnis-rahden.de\/index.php\/wp-json\/wp\/v2\/posts\/101","targetHints":{"allow":["GET"]}}],"collection":[{"href":"https:\/\/www.aktionsbuendnis-rahden.de\/index.php\/wp-json\/wp\/v2\/posts"}],"about":[{"href":"https:\/\/www.aktionsbuendnis-rahden.de\/index.php\/wp-json\/wp\/v2\/types\/post"}],"author":[{"embeddable":true,"href":"https:\/\/www.aktionsbuendnis-rahden.de\/index.php\/wp-json\/wp\/v2\/users\/2"}],"replies":[{"embeddable":true,"href":"https:\/\/www.aktionsbuendnis-rahden.de\/index.php\/wp-json\/wp\/v2\/comments?post=101"}],"version-history":[{"count":1,"href":"https:\/\/www.aktionsbuendnis-rahden.de\/index.php\/wp-json\/wp\/v2\/posts\/101\/revisions"}],"predecessor-version":[{"id":102,"href":"https:\/\/www.aktionsbuendnis-rahden.de\/index.php\/wp-json\/wp\/v2\/posts\/101\/revisions\/102"}],"wp:attachment":[{"href":"https:\/\/www.aktionsbuendnis-rahden.de\/index.php\/wp-json\/wp\/v2\/media?parent=101"}],"wp:term":[{"taxonomy":"category","embeddable":true,"href":"https:\/\/www.aktionsbuendnis-rahden.de\/index.php\/wp-json\/wp\/v2\/categories?post=101"},{"taxonomy":"post_tag","embeddable":true,"href":"https:\/\/www.aktionsbuendnis-rahden.de\/index.php\/wp-json\/wp\/v2\/tags?post=101"}],"curies":[{"name":"wp","href":"https:\/\/api.w.org\/{rel}","templated":true}]}}