{"id":1,"date":"2020-08-12T15:19:39","date_gmt":"2020-08-12T15:19:39","guid":{"rendered":"https:\/\/www.aktionsbuendnis-rahden.de\/?p=1"},"modified":"2020-09-27T16:23:32","modified_gmt":"2020-09-27T16:23:32","slug":"hello-world","status":"publish","type":"post","link":"https:\/\/www.aktionsbuendnis-rahden.de\/index.php\/2020\/08\/12\/hello-world\/","title":{"rendered":"Leserbrief: Mehr L\u00e4rm, Schadstoffe und Verschmutzung f\u00fcr die Anwohner."},"content":{"rendered":"\r\n<p>Das Unternehmen Meierguss in Rahden (Landkreis Minden-L\u00fcbbecke) will seinen Betrieb erweitern. Im Herbst 2020 soll eine Entscheidung gef\u00e4llt werden, die Produktion von 68.000 Tonnen auf 100.000 Tonnen zu erh\u00f6hen.<\/p>\r\n<p>Es bedeutet mehr L\u00e4rm, Schadstoffe und Verschmutzung f\u00fcr die Anwohner. Wir sind schlichtweg entsetzt. Wenn die Firma Meierguss seine Pl\u00e4ne umsetzt und die Produktion von 68000 Tonnen auf fast 50% erh\u00f6ht (100.000 Tonnen), bedeutet das nochmehr LKWs auf unseren Strassen! Bereits schon heute ist der Krach an manchen Tagen unertr\u00e4glich. Ab 6.00 Uhr geht\u2019s los und es werden Schrott und Koks unter enormen L\u00e4rm abgekippt. Die Ausweitung von Schwerindustrie mitten in der Stadt kann nicht zielf\u00fchrend sein. Die Stadt muss endlich aktiv werden und nach Kompromissvorschl\u00e4gen suchen. Allein durch die Umwandlung der Stra\u00dfe &#8222;Auf der Welle&#8220;, zur Werkstra\u00dfe, hat der LKW-Verkehr auf der Weher- und Eisenbahnstra\u00dfe extrem zugenommen. Wir m\u00f6gen nicht daran denken, wie es erst wird, wenn nachts der Ofen im Betrieb ist. Auch wenn eine \u00dcberbauung der Werkstrasse erfolgen w\u00fcrde, die Ersch\u00fctterungen und der LKW-Verkehr bleiben und die Nachtruhe ist vorbei.<\/p>\r\n","protected":false},"excerpt":{"rendered":"<p>Das Unternehmen Meierguss in Rahden (Landkreis Minden-L\u00fcbbecke) will seinen Betrieb erweitern. Im Herbst 2020 soll eine Entscheidung gef\u00e4llt werden, die&hellip;<\/p>\n","protected":false},"author":2,"featured_media":0,"comment_status":"open","ping_status":"open","sticky":false,"template":"","format":"standard","meta":{"footnotes":""},"categories":[4],"tags":[],"class_list":["post-1","post","type-post","status-publish","format-standard","hentry","category-presse"],"_links":{"self":[{"href":"https:\/\/www.aktionsbuendnis-rahden.de\/index.php\/wp-json\/wp\/v2\/posts\/1","targetHints":{"allow":["GET"]}}],"collection":[{"href":"https:\/\/www.aktionsbuendnis-rahden.de\/index.php\/wp-json\/wp\/v2\/posts"}],"about":[{"href":"https:\/\/www.aktionsbuendnis-rahden.de\/index.php\/wp-json\/wp\/v2\/types\/post"}],"author":[{"embeddable":true,"href":"https:\/\/www.aktionsbuendnis-rahden.de\/index.php\/wp-json\/wp\/v2\/users\/2"}],"replies":[{"embeddable":true,"href":"https:\/\/www.aktionsbuendnis-rahden.de\/index.php\/wp-json\/wp\/v2\/comments?post=1"}],"version-history":[{"count":5,"href":"https:\/\/www.aktionsbuendnis-rahden.de\/index.php\/wp-json\/wp\/v2\/posts\/1\/revisions"}],"predecessor-version":[{"id":89,"href":"https:\/\/www.aktionsbuendnis-rahden.de\/index.php\/wp-json\/wp\/v2\/posts\/1\/revisions\/89"}],"wp:attachment":[{"href":"https:\/\/www.aktionsbuendnis-rahden.de\/index.php\/wp-json\/wp\/v2\/media?parent=1"}],"wp:term":[{"taxonomy":"category","embeddable":true,"href":"https:\/\/www.aktionsbuendnis-rahden.de\/index.php\/wp-json\/wp\/v2\/categories?post=1"},{"taxonomy":"post_tag","embeddable":true,"href":"https:\/\/www.aktionsbuendnis-rahden.de\/index.php\/wp-json\/wp\/v2\/tags?post=1"}],"curies":[{"name":"wp","href":"https:\/\/api.w.org\/{rel}","templated":true}]}}